{"id":1242,"date":"2023-10-11T17:13:11","date_gmt":"2023-10-11T15:13:11","guid":{"rendered":"https:\/\/sarep.de\/2023\/10\/11\/konferenz-zum-sahara-renaissance-projekt\/"},"modified":"2024-10-25T07:40:51","modified_gmt":"2024-10-25T05:40:51","slug":"konferenz-zum-sahara-renaissance-projekt","status":"publish","type":"post","link":"https:\/\/sarep.de\/de\/2023\/10\/11\/konferenz-zum-sahara-renaissance-projekt\/","title":{"rendered":"Konferenz zum Sahara-Renaissance-Projekt"},"content":{"rendered":"\n<p>Am<sup>10.<\/sup> Oktober 2023 fand die SAREP-Konferenz auf dem Umwelt-Campus Birkenfeld statt. Das SAREP-Team begr\u00fc\u00dfte rund 80 G\u00e4ste aus Industrie und Wissenschaft, die verschiedene technische und wirtschaftliche Aspekte des Projekts vorstellten und die ersten Schritte f\u00fcr Partnerschaften identifizierten. Die Delegation der G\u00e4ste aus Mali und Mauretanien zeigte sich sehr interessiert an dem Projekt und es wurden fruchtbare Vereinbarungen getroffen, wie das Projekt weiter entwickelt werden kann.  <\/p>\n\n<p>  Der H\u00f6hepunkt der Konferenz waren die Reden des mauretanischen Ministers f\u00fcr Erd\u00f6l, Energie und Bergbau, Nany Chrougha, und der Pr\u00e4sidentin der mauretanischen Hauptstadt Nouakchott, Fatimetou Abdel Malick. Es wurde angek\u00fcndigt, ein interministerielles Komitee zu bilden, um die Projektdetails von mauretanischer Seite weiter auszuarbeiten. Die Basislinie soll noch in diesem Jahr in Nouakchott eine Absichtserkl\u00e4rung unterzeichnen, um das Projekt offiziell zu starten. <\/p>\n\n<p>Weitere Informationen \u00fcber die Ergebnisse der Konferenz und die Pr\u00e4sentationsfolien finden Sie <strong><a href=\"https:\/\/sarep.de\/timeline\/sarep-conference\/\">hier<\/a><\/strong>.<\/p>\n","protected":false},"excerpt":{"rendered":"<p>Am10. Oktober 2023 fand die SAREP-Konferenz auf dem Umwelt-Campus Birkenfeld statt. Das SAREP-Team begr\u00fc\u00dfte rund 80 G\u00e4ste aus Industrie und Wissenschaft, die verschiedene technische und wirtschaftliche Aspekte des Projekts vorstellten und die ersten Schritte f\u00fcr Partnerschaften identifizierten. Die Delegation der G\u00e4ste aus Mali und Mauretanien zeigte sich sehr interessiert an [&hellip;]<\/p>\n","protected":false},"author":1,"featured_media":881,"comment_status":"open","ping_status":"open","sticky":false,"template":"","format":"standard","meta":{"_uag_custom_page_level_css":"","site-sidebar-layout":"default","site-content-layout":"","ast-site-content-layout":"default","site-content-style":"default","site-sidebar-style":"default","ast-global-header-display":"","ast-banner-title-visibility":"","ast-main-header-display":"","ast-hfb-above-header-display":"","ast-hfb-below-header-display":"","ast-hfb-mobile-header-display":"","site-post-title":"","ast-breadcrumbs-content":"","ast-featured-img":"","footer-sml-layout":"","ast-disable-related-posts":"","theme-transparent-header-meta":"","adv-header-id-meta":"","stick-header-meta":"","header-above-stick-meta":"","header-main-stick-meta":"","header-below-stick-meta":"","astra-migrate-meta-layouts":"default","ast-page-background-enabled":"default","ast-page-background-meta":{"desktop":{"background-color":"var(--ast-global-color-4)","background-image":"","background-repeat":"repeat","background-position":"center center","background-size":"auto","background-attachment":"scroll","background-type":"","background-media":"","overlay-type":"","overlay-color":"","overlay-opacity":"","overlay-gradient":""},"tablet":{"background-color":"","background-image":"","background-repeat":"repeat","background-position":"center center","background-size":"auto","background-attachment":"scroll","background-type":"","background-media":"","overlay-type":"","overlay-color":"","overlay-opacity":"","overlay-gradient":""},"mobile":{"background-color":"","background-image":"","background-repeat":"repeat","background-position":"center center","background-size":"auto","background-attachment":"scroll","background-type":"","background-media":"","overlay-type":"","overlay-color":"","overlay-opacity":"","overlay-gradient":""}},"ast-content-background-meta":{"desktop":{"background-color":"var(--ast-global-color-5)","background-image":"","background-repeat":"repeat","background-position":"center center","background-size":"auto","background-attachment":"scroll","background-type":"","background-media":"","overlay-type":"","overlay-color":"","overlay-opacity":"","overlay-gradient":""},"tablet":{"background-color":"var(--ast-global-color-5)","background-image":"","background-repeat":"repeat","background-position":"center center","background-size":"auto","background-attachment":"scroll","background-type":"","background-media":"","overlay-type":"","overlay-color":"","overlay-opacity":"","overlay-gradient":""},"mobile":{"background-color":"var(--ast-global-color-5)","background-image":"","background-repeat":"repeat","background-position":"center center","background-size":"auto","background-attachment":"scroll","background-type":"","background-media":"","overlay-type":"","overlay-color":"","overlay-opacity":"","overlay-gradient":""}},"footnotes":""},"categories":[16],"tags":[],"class_list":["post-1242","post","type-post","status-publish","format-standard","has-post-thumbnail","hentry","category-unkategorisiert"],"uagb_featured_image_src":{"full":["https:\/\/sarep.de\/wp-content\/uploads\/2023\/10\/P1002183.jpg",1500,1126,false],"thumbnail":["https:\/\/sarep.de\/wp-content\/uploads\/2023\/10\/P1002183-150x150.jpg",150,150,true],"medium":["https:\/\/sarep.de\/wp-content\/uploads\/2023\/10\/P1002183-300x225.jpg",300,225,true],"medium_large":["https:\/\/sarep.de\/wp-content\/uploads\/2023\/10\/P1002183-768x577.jpg",768,577,true],"large":["https:\/\/sarep.de\/wp-content\/uploads\/2023\/10\/P1002183-1024x769.jpg",1024,769,true],"1536x1536":["https:\/\/sarep.de\/wp-content\/uploads\/2023\/10\/P1002183.jpg",1500,1126,false],"2048x2048":["https:\/\/sarep.de\/wp-content\/uploads\/2023\/10\/P1002183.jpg",1500,1126,false],"wptl-600x450":["https:\/\/sarep.de\/wp-content\/uploads\/2023\/10\/P1002183-600x450.jpg",600,450,true],"wptl-320x220":["https:\/\/sarep.de\/wp-content\/uploads\/2023\/10\/P1002183-320x220.jpg",320,220,true],"wptl-100x100":["https:\/\/sarep.de\/wp-content\/uploads\/2023\/10\/P1002183-100x100.jpg",100,100,true],"gform-image-choice-sm":["https:\/\/sarep.de\/wp-content\/uploads\/2023\/10\/P1002183.jpg",300,225,false],"gform-image-choice-md":["https:\/\/sarep.de\/wp-content\/uploads\/2023\/10\/P1002183.jpg",400,300,false],"gform-image-choice-lg":["https:\/\/sarep.de\/wp-content\/uploads\/2023\/10\/P1002183.jpg",600,450,false]},"uagb_author_info":{"display_name":"sarepadmin","author_link":"https:\/\/sarep.de\/de\/author\/sarepadmin\/"},"uagb_comment_info":0,"uagb_excerpt":"Am10. Oktober 2023 fand die SAREP-Konferenz auf dem Umwelt-Campus Birkenfeld statt. Das SAREP-Team begr\u00fc\u00dfte rund 80 G\u00e4ste aus Industrie und Wissenschaft, die verschiedene technische und wirtschaftliche Aspekte des Projekts vorstellten und die ersten Schritte f\u00fcr Partnerschaften identifizierten. Die Delegation der G\u00e4ste aus Mali und Mauretanien zeigte sich sehr interessiert an [&hellip;]","_links":{"self":[{"href":"https:\/\/sarep.de\/de\/wp-json\/wp\/v2\/posts\/1242","targetHints":{"allow":["GET"]}}],"collection":[{"href":"https:\/\/sarep.de\/de\/wp-json\/wp\/v2\/posts"}],"about":[{"href":"https:\/\/sarep.de\/de\/wp-json\/wp\/v2\/types\/post"}],"author":[{"embeddable":true,"href":"https:\/\/sarep.de\/de\/wp-json\/wp\/v2\/users\/1"}],"replies":[{"embeddable":true,"href":"https:\/\/sarep.de\/de\/wp-json\/wp\/v2\/comments?post=1242"}],"version-history":[{"count":2,"href":"https:\/\/sarep.de\/de\/wp-json\/wp\/v2\/posts\/1242\/revisions"}],"predecessor-version":[{"id":1245,"href":"https:\/\/sarep.de\/de\/wp-json\/wp\/v2\/posts\/1242\/revisions\/1245"}],"wp:featuredmedia":[{"embeddable":true,"href":"https:\/\/sarep.de\/de\/wp-json\/wp\/v2\/media\/881"}],"wp:attachment":[{"href":"https:\/\/sarep.de\/de\/wp-json\/wp\/v2\/media?parent=1242"}],"wp:term":[{"taxonomy":"category","embeddable":true,"href":"https:\/\/sarep.de\/de\/wp-json\/wp\/v2\/categories?post=1242"},{"taxonomy":"post_tag","embeddable":true,"href":"https:\/\/sarep.de\/de\/wp-json\/wp\/v2\/tags?post=1242"}],"curies":[{"name":"wp","href":"https:\/\/api.w.org\/{rel}","templated":true}]}}