{"id":1772,"date":"2026-04-27T12:28:21","date_gmt":"2026-04-27T10:28:21","guid":{"rendered":"https:\/\/sarep.de\/?p=1772"},"modified":"2026-04-27T13:39:55","modified_gmt":"2026-04-27T11:39:55","slug":"ifas-beim-dihk-dialog-zur-klima-und-energiepolitik-sarep-als-moeglicher-loesungsansatz","status":"publish","type":"post","link":"https:\/\/sarep.de\/de\/2026\/04\/27\/ifas-beim-dihk-dialog-zur-klima-und-energiepolitik-sarep-als-moeglicher-loesungsansatz\/","title":{"rendered":"IfaS beim DIHK-Dialog zur Klima- und Energiepolitik: SAREP als m\u00f6glicher L\u00f6sungsansatz"},"content":{"rendered":"\n<p>Das SAREP-Team des Institut f\u00fcr angewandtes Stoffstrommanagement nahm am 14.04. an einer hochrangig besetzten Veranstaltung des Deutscher Industrie- und Handelskammertag teil, bei der zentrale Herausforderungen und L\u00f6sungsans\u00e4tze der aktuellen Klima- und Energiepolitik im Fokus standen.<\/p>\n\n\n\n<p>Die Konferenz machte deutlich, dass Unternehmen und Politik zunehmend unter Druck stehen, ambitionierte Klimaschutzziele mit wirtschaftlicher Stabilit\u00e4t zu vereinbaren. In den Diskussionen wurde deutlich, dass technologische Innovationen, Effizienzsteigerungen sowie eine intelligente Systemintegration zentrale Hebel darstellen. Ein besonderer Fokus lag auf der Weiterentwicklung der Netzinfrastruktur, die im Zuge des Ausbaus erneuerbarer Energien (EE) eine Schl\u00fcsselrolle f\u00fcr Versorgungssicherheit und Flexibilit\u00e4t einnimmt.<\/p>\n\n\n\n<p>Dar\u00fcber hinaus wurden die Herausforderungen des Europ\u00e4ischen Emissionshandels in seiner bestehenden Form (European Union Emissions Trading System 1, EU ETS 1) sowie die erwarteten Auswirkungen der Ausweitung auf weitere Sektoren (EU ETS 2) f\u00fcr die Industrie diskutiert. Im Mittelpunkt standen dabei steigende CO\u2082-Preise, Fragen der internationalen Wettbewerbsf\u00e4higkeit und der damit verbundene Transformationsdruck. Erg\u00e4nzend wurde die Rolle internationaler Kooperationsmechanismen nach Artikel 6 des Pariser Abkommen beleuchtet, insbesondere im Hinblick auf deren potenzielle Bedeutung f\u00fcr die europ\u00e4ische und deutsche Dekarbonisierungsstrategie.<\/p>\n\n\n\n<p>Prof. Dr. Peter Heck beteiligte sich am Abschlusspanel \u201eWie kommen wir aus der Sackgasse?\u201c, in dem konkrete L\u00f6sungswege diskutiert wurden. Dabei stellte er das SAREP-Projekt als innovativen Ansatz vor, der Klimaschutz mit sozialer und wirtschaftlicher Entwicklung im afrikanischen Raum verbindet. Gleichzeitig er\u00f6ffnet das Projekt Deutschland die M\u00f6glichkeit, unvermeidbare Restemissionen durch hochwertige internationale Projekte zu kompensieren und so einen zus\u00e4tzlichen Beitrag zur Zielerreichung zu leisten.<\/p>\n\n\n\n<p>Das IfaS bedankt sich beim Deutscher Industrie- und Handelskammertag f\u00fcr die gelungene Veranstaltung und den konstruktiven Austausch mit Vertreterinnen und Vertretern aus Wirtschaft, Politik und Wissenschaft.<\/p>\n\n\n\n<figure class=\"wp-block-image size-large\"><img loading=\"lazy\" decoding=\"async\" width=\"1024\" height=\"682\" src=\"https:\/\/sarep.de\/wp-content\/uploads\/2026\/04\/JSCH2913-1024x682.webp\" alt=\"\" class=\"wp-image-1770\" srcset=\"https:\/\/sarep.de\/wp-content\/uploads\/2026\/04\/JSCH2913-1024x682.webp 1024w, https:\/\/sarep.de\/wp-content\/uploads\/2026\/04\/JSCH2913-300x200.webp 300w, https:\/\/sarep.de\/wp-content\/uploads\/2026\/04\/JSCH2913-768x512.webp 768w, https:\/\/sarep.de\/wp-content\/uploads\/2026\/04\/JSCH2913-1536x1024.webp 1536w, https:\/\/sarep.de\/wp-content\/uploads\/2026\/04\/JSCH2913.webp 2000w\" sizes=\"auto, (max-width: 1024px) 100vw, 1024px\" \/><\/figure>\n\n\n\n<p class=\"has-text-align-center has-small-font-size\">Bilder: \u00a9 Jens Schicke<\/p>\n","protected":false},"excerpt":{"rendered":"<p>Das SAREP-Team des Institut f\u00fcr angewandtes Stoffstrommanagement nahm am 14.04. an einer hochrangig besetzten Veranstaltung des Deutscher Industrie- und Handelskammertag teil, bei der zentrale Herausforderungen und L\u00f6sungsans\u00e4tze der aktuellen Klima- und Energiepolitik im Fokus standen. Die Konferenz machte deutlich, dass Unternehmen und Politik zunehmend unter Druck stehen, ambitionierte Klimaschutzziele mit [&hellip;]<\/p>\n","protected":false},"author":1,"featured_media":1771,"comment_status":"closed","ping_status":"closed","sticky":false,"template":"","format":"standard","meta":{"_uag_custom_page_level_css":"","site-sidebar-layout":"default","site-content-layout":"","ast-site-content-layout":"default","site-content-style":"default","site-sidebar-style":"default","ast-global-header-display":"","ast-banner-title-visibility":"","ast-main-header-display":"","ast-hfb-above-header-display":"","ast-hfb-below-header-display":"","ast-hfb-mobile-header-display":"","site-post-title":"","ast-breadcrumbs-content":"","ast-featured-img":"","footer-sml-layout":"","ast-disable-related-posts":"","theme-transparent-header-meta":"","adv-header-id-meta":"","stick-header-meta":"","header-above-stick-meta":"","header-main-stick-meta":"","header-below-stick-meta":"","astra-migrate-meta-layouts":"set","ast-page-background-enabled":"default","ast-page-background-meta":{"desktop":{"background-color":"var(--ast-global-color-4)","background-image":"","background-repeat":"repeat","background-position":"center center","background-size":"auto","background-attachment":"scroll","background-type":"","background-media":"","overlay-type":"","overlay-color":"","overlay-opacity":"","overlay-gradient":""},"tablet":{"background-color":"","background-image":"","background-repeat":"repeat","background-position":"center center","background-size":"auto","background-attachment":"scroll","background-type":"","background-media":"","overlay-type":"","overlay-color":"","overlay-opacity":"","overlay-gradient":""},"mobile":{"background-color":"","background-image":"","background-repeat":"repeat","background-position":"center center","background-size":"auto","background-attachment":"scroll","background-type":"","background-media":"","overlay-type":"","overlay-color":"","overlay-opacity":"","overlay-gradient":""}},"ast-content-background-meta":{"desktop":{"background-color":"var(--ast-global-color-5)","background-image":"","background-repeat":"repeat","background-position":"center center","background-size":"auto","background-attachment":"scroll","background-type":"","background-media":"","overlay-type":"","overlay-color":"","overlay-opacity":"","overlay-gradient":""},"tablet":{"background-color":"var(--ast-global-color-5)","background-image":"","background-repeat":"repeat","background-position":"center center","background-size":"auto","background-attachment":"scroll","background-type":"","background-media":"","overlay-type":"","overlay-color":"","overlay-opacity":"","overlay-gradient":""},"mobile":{"background-color":"var(--ast-global-color-5)","background-image":"","background-repeat":"repeat","background-position":"center center","background-size":"auto","background-attachment":"scroll","background-type":"","background-media":"","overlay-type":"","overlay-color":"","overlay-opacity":"","overlay-gradient":""}},"footnotes":""},"categories":[34,16],"tags":[],"class_list":["post-1772","post","type-post","status-publish","format-standard","has-post-thumbnail","hentry","category-news","category-unkategorisiert"],"uagb_featured_image_src":{"full":["https:\/\/sarep.de\/wp-content\/uploads\/2026\/04\/J_SC4782.webp",2000,1333,false],"thumbnail":["https:\/\/sarep.de\/wp-content\/uploads\/2026\/04\/J_SC4782-150x150.webp",150,150,true],"medium":["https:\/\/sarep.de\/wp-content\/uploads\/2026\/04\/J_SC4782-300x200.webp",300,200,true],"medium_large":["https:\/\/sarep.de\/wp-content\/uploads\/2026\/04\/J_SC4782-768x512.webp",768,512,true],"large":["https:\/\/sarep.de\/wp-content\/uploads\/2026\/04\/J_SC4782-1024x682.webp",1024,682,true],"1536x1536":["https:\/\/sarep.de\/wp-content\/uploads\/2026\/04\/J_SC4782-1536x1024.webp",1536,1024,true],"2048x2048":["https:\/\/sarep.de\/wp-content\/uploads\/2026\/04\/J_SC4782.webp",2000,1333,false],"wptl-600x450":["https:\/\/sarep.de\/wp-content\/uploads\/2026\/04\/J_SC4782-600x450.webp",600,450,true],"wptl-320x220":["https:\/\/sarep.de\/wp-content\/uploads\/2026\/04\/J_SC4782-320x220.webp",320,220,true],"wptl-100x100":["https:\/\/sarep.de\/wp-content\/uploads\/2026\/04\/J_SC4782-100x100.webp",100,100,true],"gform-image-choice-sm":["https:\/\/sarep.de\/wp-content\/uploads\/2026\/04\/J_SC4782.webp",300,200,false],"gform-image-choice-md":["https:\/\/sarep.de\/wp-content\/uploads\/2026\/04\/J_SC4782.webp",400,267,false],"gform-image-choice-lg":["https:\/\/sarep.de\/wp-content\/uploads\/2026\/04\/J_SC4782.webp",600,400,false]},"uagb_author_info":{"display_name":"sarepadmin","author_link":"https:\/\/sarep.de\/de\/author\/sarepadmin\/"},"uagb_comment_info":0,"uagb_excerpt":"Das SAREP-Team des Institut f\u00fcr angewandtes Stoffstrommanagement nahm am 14.04. an einer hochrangig besetzten Veranstaltung des Deutscher Industrie- und Handelskammertag teil, bei der zentrale Herausforderungen und L\u00f6sungsans\u00e4tze der aktuellen Klima- und Energiepolitik im Fokus standen. Die Konferenz machte deutlich, dass Unternehmen und Politik zunehmend unter Druck stehen, ambitionierte Klimaschutzziele mit [&hellip;]","_links":{"self":[{"href":"https:\/\/sarep.de\/de\/wp-json\/wp\/v2\/posts\/1772","targetHints":{"allow":["GET"]}}],"collection":[{"href":"https:\/\/sarep.de\/de\/wp-json\/wp\/v2\/posts"}],"about":[{"href":"https:\/\/sarep.de\/de\/wp-json\/wp\/v2\/types\/post"}],"author":[{"embeddable":true,"href":"https:\/\/sarep.de\/de\/wp-json\/wp\/v2\/users\/1"}],"replies":[{"embeddable":true,"href":"https:\/\/sarep.de\/de\/wp-json\/wp\/v2\/comments?post=1772"}],"version-history":[{"count":3,"href":"https:\/\/sarep.de\/de\/wp-json\/wp\/v2\/posts\/1772\/revisions"}],"predecessor-version":[{"id":1775,"href":"https:\/\/sarep.de\/de\/wp-json\/wp\/v2\/posts\/1772\/revisions\/1775"}],"wp:featuredmedia":[{"embeddable":true,"href":"https:\/\/sarep.de\/de\/wp-json\/wp\/v2\/media\/1771"}],"wp:attachment":[{"href":"https:\/\/sarep.de\/de\/wp-json\/wp\/v2\/media?parent=1772"}],"wp:term":[{"taxonomy":"category","embeddable":true,"href":"https:\/\/sarep.de\/de\/wp-json\/wp\/v2\/categories?post=1772"},{"taxonomy":"post_tag","embeddable":true,"href":"https:\/\/sarep.de\/de\/wp-json\/wp\/v2\/tags?post=1772"}],"curies":[{"name":"wp","href":"https:\/\/api.w.org\/{rel}","templated":true}]}}